{"id":33201,"date":"2020-09-09T21:41:17","date_gmt":"2020-09-09T19:41:17","guid":{"rendered":"http:\/\/www.beenaroundtheglobe.com\/?p=33201"},"modified":"2022-10-24T14:03:33","modified_gmt":"2022-10-24T12:03:33","slug":"racisme-anti-noirs-maroc","status":"publish","type":"post","link":"https:\/\/www.beenaroundtheglobe.com\/fr\/racisme-anti-noirs-maroc\/","title":{"rendered":"Le racisme anti-noirs au Maroc"},"content":{"rendered":"\n<p><em>Avant de lire l&#8217;article, sachez que j&#8217;ai \u00e9crit un livre de plus de 200 pages sur le voyage en tant que personne noire. <a href=\"https:\/\/www.beenaroundtheglobe.com\/fr\/voyager-noir-livre\/\" target=\"_blank\" rel=\"noreferrer noopener\">Cliquez ici pour plus d&#8217;infos<\/a>.<\/em> <em>J&#8217;ai aussi cr\u00e9\u00e9 le groupe Facebook Voyageurs Noirs, ouvert \u00e0 tous! <a href=\"https:\/\/www.facebook.com\/groups\/voyageursnoirs\" target=\"_blank\" rel=\"noreferrer noopener\">Cliquez ici<\/a> pour le rejoindre!<\/em><\/p>\n\n\n\n<p>&#8220;<em>Non vous ne pouvez pas s\u00e9journer ici, l&#8217;h\u00f4tel est complet<\/em>&#8221; &#8220;<em>Mais j&#8217;ai r\u00e9serv\u00e9 il y a quelques jours, il y avait plein de disponibilit\u00e9s!<\/em>&#8221; &#8220;<em>Ouais on voit ta r\u00e9sa mais on s&#8217;est tromp\u00e9s, en fait il n&#8217;y a plus une seule chambre de libre. Il va falloir aller ailleurs<\/em>&#8220;. Ca ne m&#8217;\u00e9tait jamais arriv\u00e9 avant, arriver au check-in de l&#8217;h\u00f4tel, et me voir refuser ma chambre \u00e0 cause d&#8217;une erreur logistique. C&#8217;\u00e9tait \u00e0 <a href=\"https:\/\/www.beenaroundtheglobe.com\/fr\/visite-marrakech\/\" target=\"_blank\" rel=\"noreferrer noopener\">Marrakech<\/a>. J&#8217;ai compris plus tard que <strong>j&#8217;\u00e9tais victime de racisme au Maroc. Plus pr\u00e9cis\u00e9ment, de racisme anti-noirs au Maroc.<\/strong><\/p>\n\n\n\n<figure class=\"wp-block-image size-large\"><img loading=\"lazy\" decoding=\"async\" width=\"1024\" height=\"683\" src=\"http:\/\/www.beenaroundtheglobe.com\/wp-content\/uploads\/2020\/02\/koutoubia-marrakech-1024x683.jpg\" alt=\"koutoubia marrakech\" class=\"wp-image-31188\" srcset=\"https:\/\/www.beenaroundtheglobe.com\/wp-content\/uploads\/2020\/02\/koutoubia-marrakech-1024x683.jpg 1024w, https:\/\/www.beenaroundtheglobe.com\/wp-content\/uploads\/2020\/02\/koutoubia-marrakech-300x200.jpg 300w, https:\/\/www.beenaroundtheglobe.com\/wp-content\/uploads\/2020\/02\/koutoubia-marrakech-768x512.jpg 768w, https:\/\/www.beenaroundtheglobe.com\/wp-content\/uploads\/2020\/02\/koutoubia-marrakech.jpg 1500w\" sizes=\"auto, (max-width: 1024px) 100vw, 1024px\" \/><figcaption>Bienvenue au Maroc!<\/figcaption><\/figure>\n\n\n\n<div id=\"ez-toc-container\" class=\"ez-toc-v2_0_76 counter-hierarchy ez-toc-counter ez-toc-grey ez-toc-container-direction\">\n<p class=\"ez-toc-title\" style=\"cursor:inherit\">Table of Contents<\/p>\n<label for=\"ez-toc-cssicon-toggle-item-69f38d7088986\" class=\"ez-toc-cssicon-toggle-label\"><span class=\"\"><span class=\"eztoc-hide\" style=\"display:none;\">Toggle<\/span><span class=\"ez-toc-icon-toggle-span\"><svg style=\"fill: #999;color:#999\" xmlns=\"http:\/\/www.w3.org\/2000\/svg\" class=\"list-377408\" width=\"20px\" height=\"20px\" viewBox=\"0 0 24 24\" fill=\"none\"><path d=\"M6 6H4v2h2V6zm14 0H8v2h12V6zM4 11h2v2H4v-2zm16 0H8v2h12v-2zM4 16h2v2H4v-2zm16 0H8v2h12v-2z\" fill=\"currentColor\"><\/path><\/svg><svg style=\"fill: #999;color:#999\" class=\"arrow-unsorted-368013\" xmlns=\"http:\/\/www.w3.org\/2000\/svg\" width=\"10px\" height=\"10px\" viewBox=\"0 0 24 24\" version=\"1.2\" baseProfile=\"tiny\"><path d=\"M18.2 9.3l-6.2-6.3-6.2 6.3c-.2.2-.3.4-.3.7s.1.5.3.7c.2.2.4.3.7.3h11c.3 0 .5-.1.7-.3.2-.2.3-.5.3-.7s-.1-.5-.3-.7zM5.8 14.7l6.2 6.3 6.2-6.3c.2-.2.3-.5.3-.7s-.1-.5-.3-.7c-.2-.2-.4-.3-.7-.3h-11c-.3 0-.5.1-.7.3-.2.2-.3.5-.3.7s.1.5.3.7z\"\/><\/svg><\/span><\/span><\/label><input type=\"checkbox\"  id=\"ez-toc-cssicon-toggle-item-69f38d7088986\" checked aria-label=\"Toggle\" \/><nav><ul class='ez-toc-list ez-toc-list-level-1 ' ><li class='ez-toc-page-1 ez-toc-heading-level-2'><a class=\"ez-toc-link ez-toc-heading-1\" href=\"https:\/\/www.beenaroundtheglobe.com\/fr\/racisme-anti-noirs-maroc\/#Discrimination_a_lhotel_a_Marrakech\" >Discrimination \u00e0 l&#8217;h\u00f4tel \u00e0 Marrakech<\/a><\/li><li class='ez-toc-page-1 ez-toc-heading-level-2'><a class=\"ez-toc-link ez-toc-heading-2\" href=\"https:\/\/www.beenaroundtheglobe.com\/fr\/racisme-anti-noirs-maroc\/#Racisme_au_Maroc_mythe_ou_realite\" >Racisme au Maroc, mythe ou r\u00e9alit\u00e9?<\/a><\/li><li class='ez-toc-page-1 ez-toc-heading-level-2'><a class=\"ez-toc-link ez-toc-heading-3\" href=\"https:\/\/www.beenaroundtheglobe.com\/fr\/racisme-anti-noirs-maroc\/#Histoire_esclavagiste_du_Maroc\" >Histoire esclavagiste du Maroc<\/a><\/li><li class='ez-toc-page-1 ez-toc-heading-level-2'><a class=\"ez-toc-link ez-toc-heading-4\" href=\"https:\/\/www.beenaroundtheglobe.com\/fr\/racisme-anti-noirs-maroc\/#Prejuges_sur_les_noirs_au_Maroc\" >Pr\u00e9jug\u00e9s sur les noirs au Maroc<\/a><\/li><li class='ez-toc-page-1 ez-toc-heading-level-2'><a class=\"ez-toc-link ez-toc-heading-5\" href=\"https:\/\/www.beenaroundtheglobe.com\/fr\/racisme-anti-noirs-maroc\/#Noirs_dAfrique_subsaharienne_discrimines\" >Noirs d&#8217;Afrique subsaharienne discrimin\u00e9s<\/a><\/li><li class='ez-toc-page-1 ez-toc-heading-level-2'><a class=\"ez-toc-link ez-toc-heading-6\" href=\"https:\/\/www.beenaroundtheglobe.com\/fr\/racisme-anti-noirs-maroc\/#Racisme_au_Maroc_toujours_present\" >Racisme au Maroc toujours pr\u00e9sent<\/a><\/li><li class='ez-toc-page-1 ez-toc-heading-level-2'><a class=\"ez-toc-link ez-toc-heading-7\" href=\"https:\/\/www.beenaroundtheglobe.com\/fr\/racisme-anti-noirs-maroc\/#Droits_et_services_differents_pour_les_noirs_au_Maroc\" >Droits et services diff\u00e9rents pour les noirs au Maroc<\/a><\/li><li class='ez-toc-page-1 ez-toc-heading-level-2'><a class=\"ez-toc-link ez-toc-heading-8\" href=\"https:\/\/www.beenaroundtheglobe.com\/fr\/racisme-anti-noirs-maroc\/#Campagnes_anti-racistes_au_Maroc\" >Campagnes anti-racistes au Maroc<\/a><\/li><\/ul><\/nav><\/div>\n<h2 class=\"wp-block-heading\"><span class=\"ez-toc-section\" id=\"Discrimination_a_lhotel_a_Marrakech\"><\/span>Discrimination \u00e0 l&#8217;h\u00f4tel \u00e0 Marrakech<span class=\"ez-toc-section-end\"><\/span><\/h2>\n\n\n\n<p>Avant d&#8217;aller plus loin, laissez moi rapidement finir ma m\u00e9saventure. <strong>Il \u00e9tait 20 heures, il faisait nuit noire, l&#8217;h\u00f4tel \u00e9tait apparemment complet et je n&#8217;avais nulle part o\u00f9 dormir.<\/strong> J&#8217;avais insist\u00e9 pour qu&#8217;ils v\u00e9rifient bien car ils m&#8217;ont annonc\u00e9 &#8220;<em>h\u00f4tel complet<\/em>&#8221; d\u00e8s qu&#8217;ils m&#8217;ont vu, sans m\u00eame regarder leur ordi ou dans leur syst\u00e8me.<\/p>\n\n\n\n<p><strong>J&#8217;ai donc demand\u00e9 plusieurs fois \u00e0 avoir un acc\u00e8s au WiFi pour au moins voir o\u00f9 dormir ailleurs<\/strong> et r\u00e9server dans un autre h\u00f4tel. Je r\u00e9serve ailleurs et j&#8217;en profite pour regarder les dispos de l&#8217;h\u00f4tel qui m&#8217;a refus\u00e9. Il y en a plein&#8230; Peut \u00eatre une erreur.<\/p>\n\n\n\n<figure class=\"wp-block-image size-large\"><img loading=\"lazy\" decoding=\"async\" width=\"1024\" height=\"768\" src=\"http:\/\/www.beenaroundtheglobe.com\/wp-content\/uploads\/2020\/02\/nuit-koutoubia-marrakech-1024x768.jpg\" alt=\"koutoubia marrakech\" class=\"wp-image-31202\" srcset=\"https:\/\/www.beenaroundtheglobe.com\/wp-content\/uploads\/2020\/02\/nuit-koutoubia-marrakech-1024x768.jpg 1024w, https:\/\/www.beenaroundtheglobe.com\/wp-content\/uploads\/2020\/02\/nuit-koutoubia-marrakech-300x225.jpg 300w, https:\/\/www.beenaroundtheglobe.com\/wp-content\/uploads\/2020\/02\/nuit-koutoubia-marrakech-768x576.jpg 768w, https:\/\/www.beenaroundtheglobe.com\/wp-content\/uploads\/2020\/02\/nuit-koutoubia-marrakech.jpg 1500w\" sizes=\"auto, (max-width: 1024px) 100vw, 1024px\" \/><figcaption>Il faisait nuit quand je suis arriv\u00e9 \u00e0 Marrakech<\/figcaption><\/figure>\n\n\n\n<p>J&#8217;avais tort. <strong>Je venais de quitter l&#8217;h\u00f4tel et je vois un couple anglais blancs arriver.<\/strong> Par politesse, je leur dis que l&#8217;h\u00f4tel est complet. &#8220;<em>Ah bon!? Mais on a une r\u00e9sa!<\/em>&#8221; &#8220;<em>J&#8217;en avais une aussi. Mais allez voir avec eux. Si besoin, j&#8217;ai r\u00e9serv\u00e9 \u00e0 tel autre h\u00f4tel pas loin<\/em>&#8221; &#8220;<em>Ca te d\u00e9range pas de nous attendre deux minutes? Si c&#8217;est complet, on va \u00e0 l&#8217;autre h\u00f4tel ensemble<\/em>&#8221; &#8220;<em>Ok pas de soucis je vous attends<\/em>&#8220;<\/p>\n\n\n\n<p><strong>Vous l&#8217;avez devin\u00e9, ils ont \u00e9t\u00e9 accept\u00e9 sans probl\u00e8me.<\/strong> L&#8217;anglaise est ressortie pour me demander quand j&#8217;avais r\u00e9serv\u00e9 &#8220;<em>Il y a quelques jours et vous?<\/em>&#8221; &#8220;<em>Ce matin! Mais&#8230; Pourquoi&#8230;<\/em>&#8221; &#8220;<em>Laisse tomber, de toute fa\u00e7on j&#8217;ai r\u00e9serv\u00e9 ailleurs<\/em>&#8221; &#8220;<em>J&#8217;ai compris! Suis moi!<\/em>&#8221; a t-elle dit d\u00e9termin\u00e9e.<\/p>\n\n\n\n<figure class=\"wp-block-image size-large\"><img loading=\"lazy\" decoding=\"async\" width=\"1024\" height=\"716\" src=\"http:\/\/www.beenaroundtheglobe.com\/wp-content\/uploads\/2020\/05\/chambre-dhotel-coronavirus-1024x716.jpg\" alt=\"chambre d'hotel coronavirus\" class=\"wp-image-31555\" srcset=\"https:\/\/www.beenaroundtheglobe.com\/wp-content\/uploads\/2020\/05\/chambre-dhotel-coronavirus-1024x716.jpg 1024w, https:\/\/www.beenaroundtheglobe.com\/wp-content\/uploads\/2020\/05\/chambre-dhotel-coronavirus-300x210.jpg 300w, https:\/\/www.beenaroundtheglobe.com\/wp-content\/uploads\/2020\/05\/chambre-dhotel-coronavirus-768x537.jpg 768w, https:\/\/www.beenaroundtheglobe.com\/wp-content\/uploads\/2020\/05\/chambre-dhotel-coronavirus.jpg 1500w\" sizes=\"auto, (max-width: 1024px) 100vw, 1024px\" \/><figcaption>Je n&#8217;ai pas eu acc\u00e8s \u00e0 ma chambre&#8230;<\/figcaption><\/figure>\n\n\n\n<p>Et oui, pendant notre courte discussion, un backpacker espagnol (blanc) est arriv\u00e9 et a eu acc\u00e8s \u00e0 sa chambre sans soucis. <strong>On est retourn\u00e9s dans l&#8217;h\u00f4tel ensemble et elle a fait un scandale \u00e0 la r\u00e9ception,<\/strong> en gueulant et en disant que c&#8217;\u00e9tait inadmissible, qu&#8217;elle ne pensait pas assister \u00e0 une sc\u00e8ne de racisme ordinaire au Maroc, qu&#8217;elle ne comptait pas rester plus d&#8217;une nuit sur place, que c&#8217;\u00e9tait stupide de refuser de l&#8217;argent d&#8217;un touriste \u00e0 cause de sa couleur de peau, qu&#8217;elle irait se plaindre aupr\u00e8s de Booking et que j&#8217;allais faire de m\u00eame, etc&#8230;<\/p>\n\n\n\n<p>Les mecs \u00e9taient penauds et ne savaient pas quoi dire. <strong>L&#8217;un d&#8217;entre eux a dit qu&#8217;il allait voir s&#8217;il n&#8217;y avait pas une chambre qui s&#8217;\u00e9tait lib\u00e9r\u00e9&#8230;<\/strong> &#8220;<em>Ah finalement il y a peut \u00eatre une chambre pour moi? Laissez tomber je m&#8217;en vais<\/em>&#8221; Ils ne m\u00e9ritaient pas mes sous, et puis si je restais je n&#8217;avais pas envie qu&#8217;ils mettent du cyanure dans ma bouffe \ud83d\ude00<\/p>\n\n\n\n<figure class=\"wp-block-image size-large\"><img loading=\"lazy\" decoding=\"async\" width=\"1024\" height=\"768\" src=\"http:\/\/www.beenaroundtheglobe.com\/wp-content\/uploads\/2020\/02\/circuit-gourmand-marrakech-1024x768.jpg\" alt=\"circuit gourmand marrakech\" class=\"wp-image-31176\" srcset=\"https:\/\/www.beenaroundtheglobe.com\/wp-content\/uploads\/2020\/02\/circuit-gourmand-marrakech-1024x768.jpg 1024w, https:\/\/www.beenaroundtheglobe.com\/wp-content\/uploads\/2020\/02\/circuit-gourmand-marrakech-300x225.jpg 300w, https:\/\/www.beenaroundtheglobe.com\/wp-content\/uploads\/2020\/02\/circuit-gourmand-marrakech-768x576.jpg 768w, https:\/\/www.beenaroundtheglobe.com\/wp-content\/uploads\/2020\/02\/circuit-gourmand-marrakech.jpg 1500w\" sizes=\"auto, (max-width: 1024px) 100vw, 1024px\" \/><figcaption>Pourtant on mange bien au Maroc!<\/figcaption><\/figure>\n\n\n\n<h2 class=\"wp-block-heading\"><span class=\"ez-toc-section\" id=\"Racisme_au_Maroc_mythe_ou_realite\"><\/span>Racisme au Maroc, mythe ou r\u00e9alit\u00e9?<span class=\"ez-toc-section-end\"><\/span><\/h2>\n\n\n\n<p>Bon je ne juge pas n\u00e9cessaire de le pr\u00e9ciser notamment pour les habitu\u00e9s de ce blog mais je le fais quand m\u00eame. <strong>Je ne mets pas les 36 millions de marocains dans le m\u00eame sac et je ne suis pas du genre \u00e0 voir le mal partout.<\/strong> Je ne dis pas aux noirs de ne pas aller au Maroc. Globalement, j&#8217;y ai d&#8217;ailleurs pass\u00e9 un bon moment. Je partage juste factuellement mes exp\u00e9riences sur le fait d&#8217;<a href=\"https:\/\/www.beenaroundtheglobe.com\/fr\/etre-noir-et-voyager\/\" target=\"_blank\" rel=\"noreferrer noopener\">\u00eatre noir et voyager<\/a>.<\/p>\n\n\n\n<p>Bref, le racisme au Maroc, mythe ou r\u00e9alit\u00e9? Les marocains qui vivent en Occident sont victimes de racisme. On peut donc penser que ce peuple ne ferait pas subir \u00e0 d&#8217;autres ce qu&#8217;ils subissent eux m\u00eames parfois. Et pourtant, <strong>le racisme anti-noirs est bien pr\u00e9sent au Maroc.<\/strong> Un racisme qui vise essentiellement les noirs subsahariens. Je m&#8217;explique.<\/p>\n\n\n\n<figure class=\"wp-block-image size-large\"><img loading=\"lazy\" decoding=\"async\" width=\"1024\" height=\"768\" src=\"http:\/\/www.beenaroundtheglobe.com\/wp-content\/uploads\/2020\/02\/interieur-palais-el-badii-marrakech-1024x768.jpg\" alt=\"palais el badii marrakech\" class=\"wp-image-31194\" srcset=\"https:\/\/www.beenaroundtheglobe.com\/wp-content\/uploads\/2020\/02\/interieur-palais-el-badii-marrakech-1024x768.jpg 1024w, https:\/\/www.beenaroundtheglobe.com\/wp-content\/uploads\/2020\/02\/interieur-palais-el-badii-marrakech-300x225.jpg 300w, https:\/\/www.beenaroundtheglobe.com\/wp-content\/uploads\/2020\/02\/interieur-palais-el-badii-marrakech-768x576.jpg 768w, https:\/\/www.beenaroundtheglobe.com\/wp-content\/uploads\/2020\/02\/interieur-palais-el-badii-marrakech.jpg 1500w\" sizes=\"auto, (max-width: 1024px) 100vw, 1024px\" \/><figcaption>J&#8217;ai globalement pass\u00e9 un bon moment au Maroc, et c&#8217;est un beau pays!<\/figcaption><\/figure>\n\n\n\n<h2 class=\"wp-block-heading\"><span class=\"ez-toc-section\" id=\"Histoire_esclavagiste_du_Maroc\"><\/span>Histoire esclavagiste du Maroc<span class=\"ez-toc-section-end\"><\/span><\/h2>\n\n\n\n<p><strong>Beaucoup de gens l&#8217;ignorent, mais le Maroc (le Maghreb en fait) a un long pass\u00e9 esclavagiste.<\/strong> La traite &#8220;arabe&#8221; a d\u00e9but\u00e9 au 8\u00e8me&nbsp;si\u00e8cle et a mis en esclavage des&nbsp;millions d\u2019Africains noirs. L&#8217;apog\u00e9e de ce syst\u00e8me esclavagiste a eu lieu pendant le r\u00e8gne du sultan Moulay Isma\u00efl, de 1672 \u00e0 1727. A cette \u00e9poque, plus de 200000 noirs ont \u00e9t\u00e9 r\u00e9duits en esclavage, humili\u00e9s, viol\u00e9s&#8230; Notamment les Haratines (peuple noir du Sahara).<\/p>\n\n\n\n<p>L\u2019esclavage a \u00e9t\u00e9 officiellement aboli en Tunisie en&nbsp;1846, puis en Alg\u00e9rie, colonis\u00e9e par la France, partiellement en&nbsp;1848, et enfin au Maroc, sous protectorat fran\u00e7ais, en&nbsp;1922. Dans les faits, l&#8217;esclavage a persist\u00e9 bien apr\u00e8s ces dates-l\u00e0. <strong>En Mauritanie, juste &#8220;en dessous&#8221; du Maroc, l&#8217;esclavage n&#8217;a \u00e9t\u00e9 aboli qu&#8217;en 1981<\/strong> mais la pratique est toujours courante.<\/p>\n\n\n\n<figure class=\"wp-block-image size-large\"><img loading=\"lazy\" decoding=\"async\" width=\"1024\" height=\"768\" src=\"http:\/\/www.beenaroundtheglobe.com\/wp-content\/uploads\/2020\/02\/homme-dromadaire-essaouira-1024x768.jpg\" alt=\"essaouira\" class=\"wp-image-31247\" srcset=\"https:\/\/www.beenaroundtheglobe.com\/wp-content\/uploads\/2020\/02\/homme-dromadaire-essaouira-1024x768.jpg 1024w, https:\/\/www.beenaroundtheglobe.com\/wp-content\/uploads\/2020\/02\/homme-dromadaire-essaouira-300x225.jpg 300w, https:\/\/www.beenaroundtheglobe.com\/wp-content\/uploads\/2020\/02\/homme-dromadaire-essaouira-768x576.jpg 768w, https:\/\/www.beenaroundtheglobe.com\/wp-content\/uploads\/2020\/02\/homme-dromadaire-essaouira.jpg 1500w\" sizes=\"auto, (max-width: 1024px) 100vw, 1024px\" \/><figcaption>Essaouira<\/figcaption><\/figure>\n\n\n\n<h2 class=\"wp-block-heading\"><span class=\"ez-toc-section\" id=\"Prejuges_sur_les_noirs_au_Maroc\"><\/span>Pr\u00e9jug\u00e9s sur les noirs au Maroc<span class=\"ez-toc-section-end\"><\/span><\/h2>\n\n\n\n<p>Des si\u00e8cles d&#8217;esclavage, \u00e7a a laiss\u00e9 des traces. Des noirs ont \u00e9t\u00e9 les esclaves de riches familles \u00e0 la peau claire. Des tribus pratiquaient l&#8217;esclavagisme et c&#8217;est rest\u00e9 dans l&#8217;inconscient collectif : <strong>les noirs sont associ\u00e9s \u00e0 un statut social inf\u00e9rieur et les marocains sont les maitres, sup\u00e9rieurs aux noirs.<\/strong> Une pens\u00e9e qui s&#8217;est perp\u00e9tu\u00e9e au fil des d\u00e9cennies. D&#8217;un c\u00f4t\u00e9 une \u00e9lite \u00e0 la peau claire, avec plus de droits. De l&#8217;autre, des gens \u00e0 la peau fonc\u00e9e qui s&#8217;occupent des t\u00e2ches ingrates.<\/p>\n\n\n\n<p><strong>A cause de pr\u00e9jug\u00e9s ridicules, les noirs peuvent subir les quolibets de marocains<\/strong> : &nbsp;<em>moussakh<\/em> (sale), <em>a\u00e2zzi<\/em> (n\u00e8gre), <em>hartani<\/em> (homme de second rang), <em>a\u00e2bd<\/em> (esclave), <em>draoui<\/em> (noir, descendant d&#8217;esclave), <em>qird<\/em> (singe). Mais aussi Ebola, Mamadou, Covid, <em>kahlouche<\/em> (sale noir). C&#8217;est bien le terme <em>a\u00e2zzi<\/em> que j&#8217;ai entendu \u00e0 mon \u00e9gard \u00e0 la r\u00e9ception de l&#8217;h\u00f4tel qui m&#8217;a refus\u00e9.<\/p>\n\n\n\n<figure class=\"wp-block-image size-large\"><img loading=\"lazy\" decoding=\"async\" width=\"1024\" height=\"683\" src=\"http:\/\/www.beenaroundtheglobe.com\/wp-content\/uploads\/2020\/02\/place-jemaa-el-fna-marrakech-1024x683.jpg\" alt=\"place jemaa el fna marrakech\" class=\"wp-image-31190\" srcset=\"https:\/\/www.beenaroundtheglobe.com\/wp-content\/uploads\/2020\/02\/place-jemaa-el-fna-marrakech-1024x683.jpg 1024w, https:\/\/www.beenaroundtheglobe.com\/wp-content\/uploads\/2020\/02\/place-jemaa-el-fna-marrakech-300x200.jpg 300w, https:\/\/www.beenaroundtheglobe.com\/wp-content\/uploads\/2020\/02\/place-jemaa-el-fna-marrakech-768x512.jpg 768w, https:\/\/www.beenaroundtheglobe.com\/wp-content\/uploads\/2020\/02\/place-jemaa-el-fna-marrakech.jpg 1500w\" sizes=\"auto, (max-width: 1024px) 100vw, 1024px\" \/><figcaption>Place Jemaa El-Fna \u00e0 Marrakech<\/figcaption><\/figure>\n\n\n\n<h2 class=\"wp-block-heading\"><span class=\"ez-toc-section\" id=\"Noirs_dAfrique_subsaharienne_discrimines\"><\/span>Noirs d&#8217;Afrique subsaharienne discrimin\u00e9s<span class=\"ez-toc-section-end\"><\/span><\/h2>\n\n\n\n<p>En fait, <strong>il semblerait que certains marocains ont surtout un probl\u00e8me avec les noirs d&#8217;Afrique subsaharienne.<\/strong> Beaucoup sont sans-papiers et tentent de rejoindre l&#8217;Europe via le Maroc pour arriver en Espagne. Ils restent parfois plusieurs mois voire plusieurs ann\u00e9es au Maroc avant de continuer leur trajet.<\/p>\n\n\n\n<p>Ces migrants subsahariens sont mal vus &#8220;<em>Ils nous volent notre travail, ils ont plus d&#8217;aides que les locaux, etc&#8230;<\/em>&#8221; <strong>Ils sont m\u00e9pris\u00e9s, discrimin\u00e9s, agress\u00e9s.<\/strong> On les emp\u00eache de rejoindre l&#8217;Europe (ceux pr\u00e8s de la Mediterran\u00e9e sont bastonn\u00e9s puis renvoy\u00e9s dans des villes du sud du Maroc pour les \u00e9loigner). Ils sont insult\u00e9s, des ragots sont invent\u00e9s de toute pi\u00e8ce (&#8220;<em>il h\u00e9berge plein d&#8217;africains clandestins<\/em>&#8220;), on d\u00e9grade leurs biens (pneus de voiture crev\u00e9s et vitres cass\u00e9es), on leur jette des pierres, on leur crache dessus&#8230;<\/p>\n\n\n\n<p><strong>Les travailleurs subsahariens, qui sont nombreux \u00e0 bosser dans le BTP, sont souvent exploit\u00e9s,<\/strong> les femmes sont parfois viol\u00e9es&#8230; Louer un appartement est difficile voire impossible. Les m\u00e9dias ont leur part de responsabilit\u00e9, ils d\u00e9forment l&#8217;image de ces noirs d&#8217;Afrique subsaharienne. Le coronavirus au Maroc, <a href=\"https:\/\/www.h24info.ma\/maroc\/coronavirus-la-une-du-reporter-indigne-les-internautes\/\" target=\"_blank\" rel=\"noreferrer noopener nofollow\">c&#8217;est \u00e0 cause des noirs<\/a>!<\/p>\n\n\n\n<figure class=\"wp-block-embed is-type-rich is-provider-twitter wp-block-embed-twitter\"><div class=\"wp-block-embed__wrapper\">\n<blockquote class=\"twitter-tweet\" data-width=\"500\" data-dnt=\"true\"><p lang=\"fr\" dir=\"ltr\"><a href=\"https:\/\/twitter.com\/hashtag\/Maroc?src=hash&amp;ref_src=twsrc%5Etfw\">#Maroc<\/a> Voici comment l\u2019hebdomadaire LE REPORTER titre et illustre le coronavirus.<br>Une couverture raciste laissant supposer que le virus serait import\u00e9 au Maroc par la population subsaharienne ou les personnes noires marocaines. <a href=\"https:\/\/twitter.com\/hashtag\/Corona?src=hash&amp;ref_src=twsrc%5Etfw\">#Corona<\/a> <br> Racisme d\u00e9complex\u00e9&#8230; <a href=\"https:\/\/t.co\/0yopBLXagS\">pic.twitter.com\/0yopBLXagS<\/a><\/p>&mdash; I. Betty Lachgar ????\ufe0f (@IbtissameBetty) <a href=\"https:\/\/twitter.com\/IbtissameBetty\/status\/1237673743373275136?ref_src=twsrc%5Etfw\">March 11, 2020<\/a><\/blockquote><script async src=\"https:\/\/platform.twitter.com\/widgets.js\" charset=\"utf-8\"><\/script>\n<\/div><\/figure>\n\n\n\n<h2 class=\"wp-block-heading\"><span class=\"ez-toc-section\" id=\"Racisme_au_Maroc_toujours_present\"><\/span>Racisme au Maroc toujours pr\u00e9sent<span class=\"ez-toc-section-end\"><\/span><\/h2>\n\n\n\n<p>Vous l&#8217;avez compris, <strong>le racisme au Maroc perdure \u00e0 cause de vieux clich\u00e9s bien ancr\u00e9s dans la soci\u00e9t\u00e9 marocaine.<\/strong> Je n&#8217;\u00e9tais que de passage au Maroc, je n&#8217;ai pas subi tout \u00e7a. Il y a eu l&#8217;incident \u00e0 l&#8217;h\u00f4tel et le terme <em>a\u00e2zzi<\/em> que j&#8217;ai entendu pendant mon s\u00e9jour. C&#8217;\u00e9tait d\u00e9j\u00e0 trop. Mais c&#8217;est bien pire pour les noirs qui vivent sur place.<\/p>\n\n\n\n<p>J&#8217;ai rencontr\u00e9 un \u00e9tudiant s\u00e9n\u00e9galais \u00e0 <a href=\"https:\/\/www.beenaroundtheglobe.com\/fr\/visite-essaouira\/\" target=\"_blank\" rel=\"noreferrer noopener\">Essaouira<\/a>. Il vivait \u00e0 Rabat mais \u00e9tait sur place quelques jours. &#8220;<em>On est ridiculis\u00e9s, raill\u00e9s dans la rue, les taxis refusent de nous prendre. Nous les \u00e9tudiants noirs, qu&#8217;on vienne du S\u00e9n\u00e9gal, du Mali, du Lib\u00e9ria ou d&#8217;ailleurs, on subit beaucoup. <strong>Les gens nous prennent pour de dangereux criminels, des prostitu\u00e9es, des dealers, des porteurs de maladie, et m\u00eame des cannibales.<\/strong><\/em>&#8220;<\/p>\n\n\n\n<figure class=\"wp-block-image size-large\"><img loading=\"lazy\" decoding=\"async\" width=\"666\" height=\"376\" src=\"http:\/\/www.beenaroundtheglobe.com\/wp-content\/uploads\/2020\/08\/interdiction-location-africains.jpg\" alt=\"interdiction location africains\" class=\"wp-image-33209\" srcset=\"https:\/\/www.beenaroundtheglobe.com\/wp-content\/uploads\/2020\/08\/interdiction-location-africains.jpg 666w, https:\/\/www.beenaroundtheglobe.com\/wp-content\/uploads\/2020\/08\/interdiction-location-africains-300x169.jpg 300w\" sizes=\"auto, (max-width: 666px) 100vw, 666px\" \/><\/figure>\n\n\n\n<p>Il a continu\u00e9 &#8220;<em>C&#8217;est une grande d\u00e9sillusion pour nous. On s&#8217;attendait \u00e0 \u00eatre discrimin\u00e9s en Europe peut \u00eatre, mais pas au Maroc! <strong>Ils nous traitent de sales africains mais certains ont tendance \u00e0 oublier qu&#8217;ils sont eux m\u00eames africains.<\/strong> Les femmes sont moins racistes, plus tol\u00e9rantes m\u00eame si certaines sont hostiles \u00e0 notre \u00e9gard. C&#8217;est dingue m\u00eame les Haratines, qui sont des marocains noirs descendants d&#8217;esclaves, sont discrimin\u00e9s. Les maghr\u00e9bins noirs aussi subissent une forme de racisme<\/em>&#8220;<\/p>\n\n\n\n<h2 class=\"wp-block-heading\"><span class=\"ez-toc-section\" id=\"Droits_et_services_differents_pour_les_noirs_au_Maroc\"><\/span>Droits et services diff\u00e9rents pour les noirs au Maroc<span class=\"ez-toc-section-end\"><\/span><\/h2>\n\n\n\n<p><strong>De vraies similitudes avec le <a href=\"https:\/\/www.beenaroundtheglobe.com\/fr\/inde-raciste-envers-noirs\/\" target=\"_blank\" rel=\"noreferrer noopener\">racisme en Inde<\/a>, o\u00f9 peau claire rime avec beaut\u00e9 et respect!<\/strong> O\u00f9 les noirs sont quasi invisibles, absents des m\u00e9dias. O\u00f9 les mariages mixtes avec des noirs sont encore mal vus, c&#8217;est un tabou social et honteux surtout dans le sud du Maroc.<\/p>\n\n\n\n<p>Toujours dans le sud, <strong>il y a des cimeti\u00e8res s\u00e9par\u00e9s pour les noirs.<\/strong> Vers Chefchaouen, il y a des villages entiers d&#8217;habitants noirs pas inscrits sur les listes \u00e9lectorales. Ils sont consid\u00e9r\u00e9s comme des groupes marginalis\u00e9s et priv\u00e9s des m\u00eames droits et services que les autres habitants. Ils se battent pour avoir les m\u00eames droits que tout le monde.<\/p>\n\n\n\n<p>A mon \u00e9chelle, <strong>je dois parfois dire d&#8217;o\u00f9 je viens pour avoir le m\u00eame niveau de service que les autres touristes blancs.<\/strong> Il y a eu un restaurant o\u00f9 j&#8217;ai senti un changement radical d&#8217;attitude \u00e0 mon \u00e9gard quand les serveurs ont appris que j&#8217;\u00e9tais fran\u00e7ais, et non d&#8217;Afrique. Et oui, le <a href=\"https:\/\/www.beenaroundtheglobe.com\/fr\/privilege-noir-occidental-voyage\/\" target=\"_blank\" rel=\"noreferrer noopener\">privil\u00e8ge du noir occidental<\/a> n&#8217;est pas un mythe!<\/p>\n\n\n\n<figure class=\"wp-block-image size-large\"><img loading=\"lazy\" decoding=\"async\" width=\"1024\" height=\"768\" src=\"http:\/\/www.beenaroundtheglobe.com\/wp-content\/uploads\/2020\/02\/souk-marrakech-1024x768.jpg\" alt=\"souk marrakech\" class=\"wp-image-31192\" srcset=\"https:\/\/www.beenaroundtheglobe.com\/wp-content\/uploads\/2020\/02\/souk-marrakech-1024x768.jpg 1024w, https:\/\/www.beenaroundtheglobe.com\/wp-content\/uploads\/2020\/02\/souk-marrakech-300x225.jpg 300w, https:\/\/www.beenaroundtheglobe.com\/wp-content\/uploads\/2020\/02\/souk-marrakech-768x576.jpg 768w, https:\/\/www.beenaroundtheglobe.com\/wp-content\/uploads\/2020\/02\/souk-marrakech.jpg 1500w\" sizes=\"auto, (max-width: 1024px) 100vw, 1024px\" \/><figcaption>M\u00eame au souk, on m&#8217;a parfois regard\u00e9 avec d\u00e9dain et condescendance<\/figcaption><\/figure>\n\n\n\n<h2 class=\"wp-block-heading\"><span class=\"ez-toc-section\" id=\"Campagnes_anti-racistes_au_Maroc\"><\/span>Campagnes anti-racistes au Maroc<span class=\"ez-toc-section-end\"><\/span><\/h2>\n\n\n\n<p><strong>Les choses \u00e9voluent doucement.<\/strong> En ao\u00fbt 2013, le congolais Alexis Toussaint a \u00e9t\u00e9 tu\u00e9 par la police dans des circonstances floues. Deux semaines plus tard, c&#8217;est le s\u00e9n\u00e9galais Ismail Faye qui mourra suite \u00e0 une dispute avec un marocain.<\/p>\n\n\n\n<p>Ces deux drames provoqueront une vive \u00e9motion dans le pays et <strong>en 2014 a \u00e9t\u00e9 lanc\u00e9e la campagne anti-racisme &#8220;<em>Je ne m&#8217;appelle pas Azzi<\/em>&#8220;, qui a b\u00e9n\u00e9fici\u00e9 d&#8217;une importante couverture m\u00e9diatique.<\/strong> La campagne d\u00e9non\u00e7ait le racisme dans la soci\u00e9t\u00e9 marocaine et a ouvert le d\u00e9bat. Cette m\u00eame ann\u00e9e, plusieurs dizaines de milliers de migrants subsahariens qui vivaient depuis longtemps au Maroc ont \u00e9t\u00e9 r\u00e9gularis\u00e9s.<\/p>\n\n\n\n<figure class=\"wp-block-image size-large\"><img loading=\"lazy\" decoding=\"async\" width=\"395\" height=\"342\" src=\"http:\/\/www.beenaroundtheglobe.com\/wp-content\/uploads\/2020\/08\/je-ne-mappelle-pas-azzi.jpg\" alt=\"je ne m'appelle pas azzi\" class=\"wp-image-33211\" srcset=\"https:\/\/www.beenaroundtheglobe.com\/wp-content\/uploads\/2020\/08\/je-ne-mappelle-pas-azzi.jpg 395w, https:\/\/www.beenaroundtheglobe.com\/wp-content\/uploads\/2020\/08\/je-ne-mappelle-pas-azzi-300x260.jpg 300w\" sizes=\"auto, (max-width: 395px) 100vw, 395px\" \/><\/figure>\n\n\n\n<p><strong>En 2016, une autre campagne anti-raciste a \u00e9t\u00e9 lanc\u00e9e<\/strong> simultan\u00e9ment au Maroc, en Alg\u00e9rie, en Tunisie et en Mauritanie : <em>ma oussif, ma \u2018azzi: baraka wa yezzi<\/em> (ni ton esclave, ni ton n\u00e8gre: stop \u00e7a suffit). Le probl\u00e8me du racisme au Maroc a b\u00e9n\u00e9fici\u00e9 d&#8217;une visibilit\u00e9 grandissante dans les m\u00e9dias et une plus grande attention politique. Les choses \u00e9voluent, mais sans surprise, cela prend du temps.<\/p>\n\n\n\n<p>Comme je l&#8217;ai dit, je ne vis pas au Maroc, je suis seulement rest\u00e9 deux semaines sur place. Je n&#8217;ai pas subi toutes ces discriminations mais j&#8217;ai subi quelques micro agressions. Avez-vous \u00e9t\u00e9 au Maroc? Avez-vous \u00e9t\u00e9 victime de racisme sur place? Dites le moi en commentaire! Si vous comptez passer un peu de temps dans le pays, voici un guide voyage complet pour <a href=\"https:\/\/www.beenaroundtheglobe.com\/fr\/visiter-maroc\/\" target=\"_blank\" rel=\"noreferrer noopener\">visiter le Maroc<\/a>! Et en d\u00e9tail <a href=\"https:\/\/www.dunia-travel.com\/que-faire-au-maroc\/\" target=\"_blank\" rel=\"noreferrer noopener\">que faire au Maroc<\/a>!<\/p>\n\n\n\n<ul class=\"wp-block-list\"><li><strong>Vous voyagez bient\u00f4t?<\/strong> Ma page <a href=\"https:\/\/www.beenaroundtheglobe.com\/fr\/ressources-voyage\/\" target=\"_blank\" rel=\"noreferrer noopener\">ressources voyage<\/a> peut vous aider! Cette <a href=\"https:\/\/www.beenaroundtheglobe.com\/fr\/idee-cadeau-voyage\/\" target=\"_blank\" rel=\"noreferrer noopener\">liste d&#8217;accessoires voyage<\/a> peut aussi vous \u00eatre utile!<\/li><li>Si vous voyagez, <strong>n&#8217;oubliez pas de prendre une <a class=\"thirstylink\" rel=\"nofollow\" target=\"_blank\" title=\"Chapka\" href=\"http:\/\/www.beenaroundtheglobe.com\/recommends\/chapka\/\" data-shortcode=\"true\">assurance voyage<\/a> avant de partir<\/strong>! Voici <a href=\"https:\/\/www.beenaroundtheglobe.com\/fr\/faut-il-prendre-une-assurance-voyage\/\" target=\"_blank\" rel=\"noreferrer noopener\">pourquoi prendre une assurance voyage<\/a>!<\/li><li><strong>Vous comptez aller au Maroc et vous voulez un voyage sur mesure?<\/strong> Voici des <a href=\"https:\/\/www.dunia-travel.com\/maroc\/\" target=\"_blank\" rel=\"noreferrer noopener\">voyages sur mesure au Maroc<\/a>!<\/li><li>Voici un guide pour bien <a href=\"https:\/\/www.dunia-travel.com\/preparer-voyage-maroc\/\" target=\"_blank\" rel=\"noreferrer noopener\">pr\u00e9parer son voyage au Maroc<\/a>, et en d\u00e9tail <a href=\"https:\/\/www.dunia-travel.com\/quand-partir-au-maroc\/\" target=\"_blank\" rel=\"noreferrer noopener\">quand partir au Maroc<\/a>.<\/li><li><strong>Utilisez toujours un VPN quand vous voyagez.<\/strong> J&#8217;utilise <a class=\"thirstylink\" rel=\"nofollow\" target=\"_blank\" title=\"ExpressVPN\" href=\"http:\/\/www.beenaroundtheglobe.com\/recommends\/expressvpn\/\" data-shortcode=\"true\">ExpressVPN<\/a> et j&#8217;en suis tr\u00e8s satisfait. Voici <a href=\"https:\/\/www.beenaroundtheglobe.com\/fr\/utiliser-vpn-voyage\/\" target=\"_blank\" rel=\"noreferrer noopener\">pourquoi utiliser un VPN en voyage<\/a>.<\/li><\/ul>\n\n\n<p><a href=\"https:\/\/www.beenaroundtheglobe.com\/fr\/voyager-noir-livre\/\"><img loading=\"lazy\" decoding=\"async\" class=\"size-large wp-image-33566 aligncenter\" src=\"https:\/\/www.beenaroundtheglobe.com\/wp-content\/uploads\/2020\/11\/french-banner-new-nnnn.png\" alt=\"\" width=\"1024\" height=\"390\" \/><\/a><\/p>\n\n\n<script>(function() {\n\twindow.mc4wp = window.mc4wp || {\n\t\tlisteners: [],\n\t\tforms: {\n\t\t\ton: function(evt, cb) {\n\t\t\t\twindow.mc4wp.listeners.push(\n\t\t\t\t\t{\n\t\t\t\t\t\tevent   : evt,\n\t\t\t\t\t\tcallback: cb\n\t\t\t\t\t}\n\t\t\t\t);\n\t\t\t}\n\t\t}\n\t}\n})();\n<\/script><!-- Mailchimp for WordPress v4.10.8 - https:\/\/wordpress.org\/plugins\/mailchimp-for-wp\/ --><form id=\"mc4wp-form-1\" class=\"mc4wp-form mc4wp-form-246\" method=\"post\" data-id=\"246\" data-name=\"Formulaire d&#039;inscription\" ><div class=\"mc4wp-form-fields\"><p style=\"text-align: center; margin-bottom: 15px;\" class=\"form-intro\">\r\n  Inscrivez vous pour recevoir des infos exclusives dans votre boite mail !\r\n<\/p>\r\n<p class=\"form-field\">\r\n\t<input type=\"text\" name=\"NAME\" placeholder=\"Votre nom\" required \/>\r\n<\/p>\r\n\r\n<p class=\"form-field\">\r\n\t<input type=\"email\" name=\"EMAIL\" placeholder=\"Votre email\" required \/>\r\n<\/p>\r\n\r\n<p class=\"form-field\">\r\n\t<input type=\"submit\" value=\"S'inscrire\" \/>\r\n<\/p><\/div><label style=\"display: none !important;\">Laissez ce champ vide si vous \u00eates humain\u00a0: <input type=\"text\" name=\"_mc4wp_honeypot\" value=\"\" tabindex=\"-1\" autocomplete=\"off\" \/><\/label><input type=\"hidden\" name=\"_mc4wp_timestamp\" value=\"1777569136\" \/><input type=\"hidden\" name=\"_mc4wp_form_id\" value=\"246\" \/><input type=\"hidden\" name=\"_mc4wp_form_element_id\" value=\"mc4wp-form-1\" \/><div class=\"mc4wp-response\"><\/div><\/form><!-- \/ Mailchimp for WordPress Plugin -->\n<div class=\"related_content\" style=\"clear:both;\"><h3 class=\"widget-title\">Related Posts<\/h3>\n\t\t\t\t\t\t\t\t\t<ul class=\"related-posts extended_view\">\n\t\t\t\t\t\t\t\t\t\t<li class=\"related-post extended_view\">\n\t\t\t\t\t\t\t\t\t\t\t<a href=\"https:\/\/www.beenaroundtheglobe.com\/fr\/visite-marrakech\/\" class=\"related-post-link\">\n\t\t\t\t\t\t\t\t\t\t\t\t<img src=\"https:\/\/www.beenaroundtheglobe.com\/wp-content\/uploads\/2020\/02\/koutoubia-marrakech-300x200.jpg\" alt=\"koutoubia marrakech\" class=\"related-post-image\" \/><span class=\"related-post-title\">Visiter Marrakech : que faire, guide voyage<\/span>\n\t\t\t\t\t\t\t\t\t\t\t<\/a>\n\t\t\t\t\t\t\t\t\t\t<\/li>\n\t\t\t\t\t\t\t\t\t\t<li class=\"related-post extended_view\">\n\t\t\t\t\t\t\t\t\t\t\t<a href=\"https:\/\/www.beenaroundtheglobe.com\/fr\/visite-essaouira\/\" class=\"related-post-link\">\n\t\t\t\t\t\t\t\t\t\t\t\t<img src=\"https:\/\/www.beenaroundtheglobe.com\/wp-content\/uploads\/2020\/02\/palmiers-essaouira-300x200.jpg\" alt=\"essaouira\" class=\"related-post-image\" \/><span class=\"related-post-title\">Visiter Essaouira : que faire, guide voyage<\/span>\n\t\t\t\t\t\t\t\t\t\t\t<\/a>\n\t\t\t\t\t\t\t\t\t\t<\/li>\n\t\t\t\t\t\t\t\t\t\t<li class=\"related-post extended_view\">\n\t\t\t\t\t\t\t\t\t\t\t<a href=\"https:\/\/www.beenaroundtheglobe.com\/fr\/peur-racisme-voyage\/\" class=\"related-post-link\">\n\t\t\t\t\t\t\t\t\t\t\t\t<img src=\"https:\/\/www.beenaroundtheglobe.com\/wp-content\/uploads\/2018\/08\/racisme-voyage-300x225.jpg\" alt=\"racisme voyage\" class=\"related-post-image\" \/><span class=\"related-post-title\">Peur du racisme en voyage<\/span>\n\t\t\t\t\t\t\t\t\t\t\t<\/a>\n\t\t\t\t\t\t\t\t\t\t<\/li>\n\t\t\t\t\t\t\t\t\t<\/ul>\n\t\t\t\t\t\t\t\t\t<div style=\"clear:both;\"><\/div><\/div>\n\t\t\t\t\t","protected":false},"excerpt":{"rendered":"<p>Avant de lire l&#8217;article, sachez que j&#8217;ai \u00e9crit un livre de plus de 200 pages sur le voyage en tant que personne noire. Cliquez ici pour plus d&#8217;infos. J&#8217;ai aussi cr\u00e9\u00e9 le groupe Facebook Voyageurs Noirs, ouvert \u00e0 tous! Cliquez ici pour le rejoindre! &#8220;Non vous ne pouvez pas s\u00e9journer ici, l&#8217;h\u00f4tel est complet&#8221; &#8220;Mais [&hellip;]<\/p>\n","protected":false},"author":1,"featured_media":33215,"comment_status":"open","ping_status":"open","sticky":false,"template":"","format":"standard","meta":{"_genesis_hide_title":false,"_genesis_hide_breadcrumbs":false,"_genesis_hide_singular_image":false,"_genesis_hide_footer_widgets":false,"_genesis_custom_body_class":"","_genesis_custom_post_class":"","_genesis_layout":"","footnotes":""},"categories":[382,266],"tags":[],"class_list":{"0":"post-33201","1":"post","2":"type-post","3":"status-publish","4":"format-standard","5":"has-post-thumbnail","7":"category-maroc","8":"category-voyagenoir","9":"entry"},"yoast_head":"<!-- This site is optimized with the Yoast SEO plugin v26.2 - https:\/\/yoast.com\/wordpress\/plugins\/seo\/ -->\n<title>Le racisme anti-noirs au Maroc - Been Around The Globe<\/title>\n<meta name=\"description\" content=\"Le racisme au Maroc est plus pr\u00e9sent que pr\u00e9vu, notamment le racisme anti-noirs! Lisez l&#039;article pour en savoir plus!\" \/>\n<meta name=\"robots\" content=\"index, follow, max-snippet:-1, max-image-preview:large, max-video-preview:-1\" \/>\n<link rel=\"canonical\" href=\"https:\/\/www.beenaroundtheglobe.com\/fr\/racisme-anti-noirs-maroc\/\" \/>\n<meta property=\"og:locale\" content=\"fr_FR\" \/>\n<meta property=\"og:type\" content=\"article\" \/>\n<meta property=\"og:title\" content=\"Le racisme anti-noirs au Maroc - Been Around The Globe\" \/>\n<meta property=\"og:description\" content=\"Le racisme au Maroc est plus pr\u00e9sent que pr\u00e9vu, notamment le racisme anti-noirs! Lisez l&#039;article pour en savoir plus!\" \/>\n<meta property=\"og:url\" content=\"https:\/\/www.beenaroundtheglobe.com\/fr\/racisme-anti-noirs-maroc\/\" \/>\n<meta property=\"og:site_name\" content=\"Been Around The Globe\" \/>\n<meta property=\"article:published_time\" content=\"2020-09-09T19:41:17+00:00\" \/>\n<meta property=\"article:modified_time\" content=\"2022-10-24T12:03:33+00:00\" \/>\n<meta property=\"og:image\" content=\"http:\/\/www.beenaroundtheglobe.com\/wp-content\/uploads\/2020\/08\/racism-is-a-pandemic.jpg\" \/>\n\t<meta property=\"og:image:width\" content=\"1920\" \/>\n\t<meta property=\"og:image:height\" content=\"1045\" \/>\n\t<meta property=\"og:image:type\" content=\"image\/jpeg\" \/>\n<meta name=\"author\" content=\"Roobens\" \/>\n<meta name=\"twitter:card\" content=\"summary_large_image\" \/>\n<meta name=\"twitter:label1\" content=\"\u00c9crit par\" \/>\n\t<meta name=\"twitter:data1\" content=\"Roobens\" \/>\n\t<meta name=\"twitter:label2\" content=\"Dur\u00e9e de lecture estim\u00e9e\" \/>\n\t<meta name=\"twitter:data2\" content=\"11 minutes\" \/>\n<script type=\"application\/ld+json\" class=\"yoast-schema-graph\">{\"@context\":\"https:\/\/schema.org\",\"@graph\":[{\"@type\":\"WebPage\",\"@id\":\"https:\/\/www.beenaroundtheglobe.com\/fr\/racisme-anti-noirs-maroc\/\",\"url\":\"https:\/\/www.beenaroundtheglobe.com\/fr\/racisme-anti-noirs-maroc\/\",\"name\":\"Le racisme anti-noirs au Maroc - Been Around The Globe\",\"isPartOf\":{\"@id\":\"https:\/\/www.beenaroundtheglobe.com\/#website\"},\"primaryImageOfPage\":{\"@id\":\"https:\/\/www.beenaroundtheglobe.com\/fr\/racisme-anti-noirs-maroc\/#primaryimage\"},\"image\":{\"@id\":\"https:\/\/www.beenaroundtheglobe.com\/fr\/racisme-anti-noirs-maroc\/#primaryimage\"},\"thumbnailUrl\":\"https:\/\/www.beenaroundtheglobe.com\/wp-content\/uploads\/2020\/08\/racism-is-a-pandemic.jpg\",\"datePublished\":\"2020-09-09T19:41:17+00:00\",\"dateModified\":\"2022-10-24T12:03:33+00:00\",\"author\":{\"@id\":\"https:\/\/www.beenaroundtheglobe.com\/#\/schema\/person\/c308583eabbb50916ef7930fb02cf3fe\"},\"description\":\"Le racisme au Maroc est plus pr\u00e9sent que pr\u00e9vu, notamment le racisme anti-noirs! Lisez l'article pour en savoir plus!\",\"breadcrumb\":{\"@id\":\"https:\/\/www.beenaroundtheglobe.com\/fr\/racisme-anti-noirs-maroc\/#breadcrumb\"},\"inLanguage\":\"fr-FR\",\"potentialAction\":[{\"@type\":\"ReadAction\",\"target\":[\"https:\/\/www.beenaroundtheglobe.com\/fr\/racisme-anti-noirs-maroc\/\"]}]},{\"@type\":\"ImageObject\",\"inLanguage\":\"fr-FR\",\"@id\":\"https:\/\/www.beenaroundtheglobe.com\/fr\/racisme-anti-noirs-maroc\/#primaryimage\",\"url\":\"https:\/\/www.beenaroundtheglobe.com\/wp-content\/uploads\/2020\/08\/racism-is-a-pandemic.jpg\",\"contentUrl\":\"https:\/\/www.beenaroundtheglobe.com\/wp-content\/uploads\/2020\/08\/racism-is-a-pandemic.jpg\",\"width\":1920,\"height\":1045,\"caption\":\"Cr\u00e9dit : Unsplash\"},{\"@type\":\"BreadcrumbList\",\"@id\":\"https:\/\/www.beenaroundtheglobe.com\/fr\/racisme-anti-noirs-maroc\/#breadcrumb\",\"itemListElement\":[{\"@type\":\"ListItem\",\"position\":1,\"name\":\"Accueil\",\"item\":\"https:\/\/www.beenaroundtheglobe.com\/fr\/\"},{\"@type\":\"ListItem\",\"position\":2,\"name\":\"Le racisme anti-noirs au Maroc\"}]},{\"@type\":\"WebSite\",\"@id\":\"https:\/\/www.beenaroundtheglobe.com\/#website\",\"url\":\"https:\/\/www.beenaroundtheglobe.com\/\",\"name\":\"Been Around The Globe\",\"description\":\"Black Travel Blog\",\"potentialAction\":[{\"@type\":\"SearchAction\",\"target\":{\"@type\":\"EntryPoint\",\"urlTemplate\":\"https:\/\/www.beenaroundtheglobe.com\/?s={search_term_string}\"},\"query-input\":{\"@type\":\"PropertyValueSpecification\",\"valueRequired\":true,\"valueName\":\"search_term_string\"}}],\"inLanguage\":\"fr-FR\"},{\"@type\":\"Person\",\"@id\":\"https:\/\/www.beenaroundtheglobe.com\/#\/schema\/person\/c308583eabbb50916ef7930fb02cf3fe\",\"name\":\"Roobens\",\"image\":{\"@type\":\"ImageObject\",\"inLanguage\":\"fr-FR\",\"@id\":\"https:\/\/www.beenaroundtheglobe.com\/#\/schema\/person\/image\/\",\"url\":\"https:\/\/secure.gravatar.com\/avatar\/ea9d25e5c7c5e4a1f7b93355899c316f0219bfeaf90375f581e9873e5e0835ab?s=96&d=mm&r=g\",\"contentUrl\":\"https:\/\/secure.gravatar.com\/avatar\/ea9d25e5c7c5e4a1f7b93355899c316f0219bfeaf90375f581e9873e5e0835ab?s=96&d=mm&r=g\",\"caption\":\"Roobens\"},\"description\":\"Having a strong interest in traveling, I decided to leave my hometown, Paris, to travel around the world. Ayant un int\u00e9r\u00eat prononc\u00e9 pour le voyage, j'ai d\u00e9cid\u00e9 de quitter Paris, pour voyager \u00e0 travers le monde.\",\"url\":\"https:\/\/www.beenaroundtheglobe.com\/fr\/author\/roobens-filsgmail-com\/\"}]}<\/script>\n<!-- \/ Yoast SEO plugin. -->","yoast_head_json":{"title":"Le racisme anti-noirs au Maroc - Been Around The Globe","description":"Le racisme au Maroc est plus pr\u00e9sent que pr\u00e9vu, notamment le racisme anti-noirs! Lisez l'article pour en savoir plus!","robots":{"index":"index","follow":"follow","max-snippet":"max-snippet:-1","max-image-preview":"max-image-preview:large","max-video-preview":"max-video-preview:-1"},"canonical":"https:\/\/www.beenaroundtheglobe.com\/fr\/racisme-anti-noirs-maroc\/","og_locale":"fr_FR","og_type":"article","og_title":"Le racisme anti-noirs au Maroc - Been Around The Globe","og_description":"Le racisme au Maroc est plus pr\u00e9sent que pr\u00e9vu, notamment le racisme anti-noirs! Lisez l'article pour en savoir plus!","og_url":"https:\/\/www.beenaroundtheglobe.com\/fr\/racisme-anti-noirs-maroc\/","og_site_name":"Been Around The Globe","article_published_time":"2020-09-09T19:41:17+00:00","article_modified_time":"2022-10-24T12:03:33+00:00","og_image":[{"width":1920,"height":1045,"url":"http:\/\/www.beenaroundtheglobe.com\/wp-content\/uploads\/2020\/08\/racism-is-a-pandemic.jpg","type":"image\/jpeg"}],"author":"Roobens","twitter_card":"summary_large_image","twitter_misc":{"\u00c9crit par":"Roobens","Dur\u00e9e de lecture estim\u00e9e":"11 minutes"},"schema":{"@context":"https:\/\/schema.org","@graph":[{"@type":"WebPage","@id":"https:\/\/www.beenaroundtheglobe.com\/fr\/racisme-anti-noirs-maroc\/","url":"https:\/\/www.beenaroundtheglobe.com\/fr\/racisme-anti-noirs-maroc\/","name":"Le racisme anti-noirs au Maroc - Been Around The Globe","isPartOf":{"@id":"https:\/\/www.beenaroundtheglobe.com\/#website"},"primaryImageOfPage":{"@id":"https:\/\/www.beenaroundtheglobe.com\/fr\/racisme-anti-noirs-maroc\/#primaryimage"},"image":{"@id":"https:\/\/www.beenaroundtheglobe.com\/fr\/racisme-anti-noirs-maroc\/#primaryimage"},"thumbnailUrl":"https:\/\/www.beenaroundtheglobe.com\/wp-content\/uploads\/2020\/08\/racism-is-a-pandemic.jpg","datePublished":"2020-09-09T19:41:17+00:00","dateModified":"2022-10-24T12:03:33+00:00","author":{"@id":"https:\/\/www.beenaroundtheglobe.com\/#\/schema\/person\/c308583eabbb50916ef7930fb02cf3fe"},"description":"Le racisme au Maroc est plus pr\u00e9sent que pr\u00e9vu, notamment le racisme anti-noirs! Lisez l'article pour en savoir plus!","breadcrumb":{"@id":"https:\/\/www.beenaroundtheglobe.com\/fr\/racisme-anti-noirs-maroc\/#breadcrumb"},"inLanguage":"fr-FR","potentialAction":[{"@type":"ReadAction","target":["https:\/\/www.beenaroundtheglobe.com\/fr\/racisme-anti-noirs-maroc\/"]}]},{"@type":"ImageObject","inLanguage":"fr-FR","@id":"https:\/\/www.beenaroundtheglobe.com\/fr\/racisme-anti-noirs-maroc\/#primaryimage","url":"https:\/\/www.beenaroundtheglobe.com\/wp-content\/uploads\/2020\/08\/racism-is-a-pandemic.jpg","contentUrl":"https:\/\/www.beenaroundtheglobe.com\/wp-content\/uploads\/2020\/08\/racism-is-a-pandemic.jpg","width":1920,"height":1045,"caption":"Cr\u00e9dit : Unsplash"},{"@type":"BreadcrumbList","@id":"https:\/\/www.beenaroundtheglobe.com\/fr\/racisme-anti-noirs-maroc\/#breadcrumb","itemListElement":[{"@type":"ListItem","position":1,"name":"Accueil","item":"https:\/\/www.beenaroundtheglobe.com\/fr\/"},{"@type":"ListItem","position":2,"name":"Le racisme anti-noirs au Maroc"}]},{"@type":"WebSite","@id":"https:\/\/www.beenaroundtheglobe.com\/#website","url":"https:\/\/www.beenaroundtheglobe.com\/","name":"Been Around The Globe","description":"Black Travel Blog","potentialAction":[{"@type":"SearchAction","target":{"@type":"EntryPoint","urlTemplate":"https:\/\/www.beenaroundtheglobe.com\/?s={search_term_string}"},"query-input":{"@type":"PropertyValueSpecification","valueRequired":true,"valueName":"search_term_string"}}],"inLanguage":"fr-FR"},{"@type":"Person","@id":"https:\/\/www.beenaroundtheglobe.com\/#\/schema\/person\/c308583eabbb50916ef7930fb02cf3fe","name":"Roobens","image":{"@type":"ImageObject","inLanguage":"fr-FR","@id":"https:\/\/www.beenaroundtheglobe.com\/#\/schema\/person\/image\/","url":"https:\/\/secure.gravatar.com\/avatar\/ea9d25e5c7c5e4a1f7b93355899c316f0219bfeaf90375f581e9873e5e0835ab?s=96&d=mm&r=g","contentUrl":"https:\/\/secure.gravatar.com\/avatar\/ea9d25e5c7c5e4a1f7b93355899c316f0219bfeaf90375f581e9873e5e0835ab?s=96&d=mm&r=g","caption":"Roobens"},"description":"Having a strong interest in traveling, I decided to leave my hometown, Paris, to travel around the world. Ayant un int\u00e9r\u00eat prononc\u00e9 pour le voyage, j'ai d\u00e9cid\u00e9 de quitter Paris, pour voyager \u00e0 travers le monde.","url":"https:\/\/www.beenaroundtheglobe.com\/fr\/author\/roobens-filsgmail-com\/"}]}},"_links":{"self":[{"href":"https:\/\/www.beenaroundtheglobe.com\/fr\/wp-json\/wp\/v2\/posts\/33201","targetHints":{"allow":["GET"]}}],"collection":[{"href":"https:\/\/www.beenaroundtheglobe.com\/fr\/wp-json\/wp\/v2\/posts"}],"about":[{"href":"https:\/\/www.beenaroundtheglobe.com\/fr\/wp-json\/wp\/v2\/types\/post"}],"author":[{"embeddable":true,"href":"https:\/\/www.beenaroundtheglobe.com\/fr\/wp-json\/wp\/v2\/users\/1"}],"replies":[{"embeddable":true,"href":"https:\/\/www.beenaroundtheglobe.com\/fr\/wp-json\/wp\/v2\/comments?post=33201"}],"version-history":[{"count":5,"href":"https:\/\/www.beenaroundtheglobe.com\/fr\/wp-json\/wp\/v2\/posts\/33201\/revisions"}],"predecessor-version":[{"id":38494,"href":"https:\/\/www.beenaroundtheglobe.com\/fr\/wp-json\/wp\/v2\/posts\/33201\/revisions\/38494"}],"wp:featuredmedia":[{"embeddable":true,"href":"https:\/\/www.beenaroundtheglobe.com\/fr\/wp-json\/wp\/v2\/media\/33215"}],"wp:attachment":[{"href":"https:\/\/www.beenaroundtheglobe.com\/fr\/wp-json\/wp\/v2\/media?parent=33201"}],"wp:term":[{"taxonomy":"category","embeddable":true,"href":"https:\/\/www.beenaroundtheglobe.com\/fr\/wp-json\/wp\/v2\/categories?post=33201"},{"taxonomy":"post_tag","embeddable":true,"href":"https:\/\/www.beenaroundtheglobe.com\/fr\/wp-json\/wp\/v2\/tags?post=33201"}],"curies":[{"name":"wp","href":"https:\/\/api.w.org\/{rel}","templated":true}]}}